{"id":4520,"date":"2020-11-16T23:35:04","date_gmt":"2020-11-16T21:35:04","guid":{"rendered":"https:\/\/marcocueva.com\/?p=4520"},"modified":"2022-01-16T23:57:55","modified_gmt":"2022-01-16T21:57:55","slug":"a-new-home-for-old-gloves","status":"publish","type":"post","link":"https:\/\/marcocueva.com\/es\/a-new-home-for-old-gloves\/","title":{"rendered":"Un nuevo hogar para unos guantes viejos"},"content":{"rendered":"<p>Una de mis primeras obras p\u00fablicas tiene un nuevo hogar; mis viejos guantes de boxeo se mudaron de la Plaza Hagalund al Odinparken al lado del Museo  Olle Olsson en Solna. Como un comentario al popular boxeador Harry Persson quien vivi\u00f3 en Hagalund la mayor parte de su vida.<br \/>\n<div class=\"tiled-gallery type-square tiled-gallery-unresized\" data-original-width=\"1200\" data-carousel-extra='{&quot;blog_id&quot;:1,&quot;permalink&quot;:&quot;https:\\\/\\\/marcocueva.com\\\/es\\\/a-new-home-for-old-gloves\\\/&quot;,&quot;likes_blog_id&quot;:89482062}' itemscope itemtype=\"http:\/\/schema.org\/ImageGallery\" > <div class=\"gallery-row\" style=\"width: 1200px; height: 300px;\" data-original-width=\"1200\" data-original-height=\"300\" > <div class=\"gallery-group\" style=\"width: 300px; height: 300px;\" data-original-width=\"300\" data-original-height=\"300\" > <div class=\"tiled-gallery-item \" itemprop=\"associatedMedia\" itemscope itemtype=\"http:\/\/schema.org\/ImageObject\"> <a href=\"https:\/\/marcocueva.com\/es\/2020-11-22-13-06-09\/\" border=\"0\" itemprop=\"url\"> <meta itemprop=\"width\" content=\"296\"> <meta itemprop=\"height\" content=\"296\"> <img decoding=\"async\" class=\"\" data-attachment-id=\"4513\" data-orig-file=\"https:\/\/media1.marcocueva.com\/2020-11-22-13.06.09-scaled.jpg\" data-orig-size=\"2560,2048\" data-comments-opened=\"\" data-image-meta=\"{&quot;aperture&quot;:&quot;2&quot;,&quot;credit&quot;:&quot;&quot;,&quot;camera&quot;:&quot;XQ-AU52&quot;,&quot;caption&quot;:&quot;&quot;,&quot;created_timestamp&quot;:&quot;1606050369&quot;,&quot;copyright&quot;:&quot;&quot;,&quot;focal_length&quot;:&quot;3.87&quot;,&quot;iso&quot;:&quot;50&quot;,&quot;shutter_speed&quot;:&quot;0.0032467532467532&quot;,&quot;title&quot;:&quot;&quot;,&quot;orientation&quot;:&quot;1&quot;,&quot;latitude_ref&quot;:&quot;N&quot;,&quot;longitude_ref&quot;:&quot;E&quot;,&quot;exposure_bias&quot;:&quot;0\\\/6&quot;,&quot;flash&quot;:&quot;24&quot;}\" data-image-title=\"\u00abUtan Titel\u00bb 1999\" data-image-description=\"&lt;p&gt;\u00abUtan Titel\u00bb 1999,&lt;br \/&gt; Solna Stad&lt;br \/&gt; Granito&lt;\/p&gt; \" data-medium-file=\"https:\/\/i0.wp.com\/media1.marcocueva.com\/2020-11-22-13.06.09-scaled.jpg?fit=720%2C576&#038;ssl=1\" data-large-file=\"https:\/\/i0.wp.com\/media1.marcocueva.com\/2020-11-22-13.06.09-scaled.jpg?fit=1024%2C819&#038;ssl=1\" src=\"https:\/\/i0.wp.com\/media1.marcocueva.com\/2020-11-22-13.06.09-scaled.jpg?w=296&#038;h=296&#038;crop=1&#038;ssl=1\" srcset=\"https:\/\/i0.wp.com\/media1.marcocueva.com\/2020-11-22-13.06.09-scaled.jpg?resize=150%2C150&amp;ssl=1 150w, https:\/\/i0.wp.com\/media1.marcocueva.com\/2020-11-22-13.06.09-scaled.jpg?resize=50%2C50&amp;ssl=1 50w, https:\/\/i0.wp.com\/media1.marcocueva.com\/2020-11-22-13.06.09-scaled.jpg?zoom=2&amp;resize=296%2C296 592w, https:\/\/i0.wp.com\/media1.marcocueva.com\/2020-11-22-13.06.09-scaled.jpg?zoom=3&amp;resize=296%2C296 888w\" width=\"296\" height=\"296\" loading=\"lazy\" data-original-width=\"296\" data-original-height=\"296\" itemprop=\"http:\/\/schema.org\/image\" title=\"&quot;Utan Titel&quot; 1999\" alt=\"&quot;Utan Titel&quot; 1999\" style=\"width: 296px; height: 296px;\" \/> <\/a> <div class=\"tiled-gallery-caption\" itemprop=\"caption description\"> \u00abUtan Titel\u00bb 1999, Solna Stad Granito <\/div> <\/div> <\/div> <div class=\"gallery-group\" style=\"width: 300px; height: 300px;\" data-original-width=\"300\" data-original-height=\"300\" > <div class=\"tiled-gallery-item \" itemprop=\"associatedMedia\" itemscope itemtype=\"http:\/\/schema.org\/ImageObject\"> <a href=\"https:\/\/marcocueva.com\/es\/hagalund_07\/\" border=\"0\" itemprop=\"url\"> <meta itemprop=\"width\" content=\"296\"> <meta itemprop=\"height\" content=\"296\"> <img decoding=\"async\" class=\"\" data-attachment-id=\"4518\" data-orig-file=\"https:\/\/media1.marcocueva.com\/hagalund_07.jpg\" data-orig-size=\"1919,1273\" data-comments-opened=\"\" data-image-meta=\"{&quot;aperture&quot;:&quot;0&quot;,&quot;credit&quot;:&quot;&quot;,&quot;camera&quot;:&quot;&quot;,&quot;caption&quot;:&quot;&quot;,&quot;created_timestamp&quot;:&quot;0&quot;,&quot;copyright&quot;:&quot;&quot;,&quot;focal_length&quot;:&quot;0&quot;,&quot;iso&quot;:&quot;0&quot;,&quot;shutter_speed&quot;:&quot;0&quot;,&quot;title&quot;:&quot;&quot;,&quot;orientation&quot;:&quot;0&quot;}\" data-image-title=\"\u00abUtan Titel\u00bb 1999\" data-image-description=\"&lt;p&gt;\u00abUtan Titel\u00bb 1999,&lt;br \/&gt; Solna Stad&lt;br \/&gt; Granito&lt;\/p&gt; \" data-medium-file=\"https:\/\/i0.wp.com\/media1.marcocueva.com\/hagalund_07.jpg?fit=720%2C478&#038;ssl=1\" data-large-file=\"https:\/\/i0.wp.com\/media1.marcocueva.com\/hagalund_07.jpg?fit=1024%2C679&#038;ssl=1\" src=\"https:\/\/i0.wp.com\/media1.marcocueva.com\/hagalund_07.jpg?w=296&#038;h=296&#038;crop=1&#038;ssl=1\" srcset=\"https:\/\/i0.wp.com\/media1.marcocueva.com\/hagalund_07.jpg?resize=150%2C150&amp;ssl=1 150w, https:\/\/i0.wp.com\/media1.marcocueva.com\/hagalund_07.jpg?resize=50%2C50&amp;ssl=1 50w, https:\/\/i0.wp.com\/media1.marcocueva.com\/hagalund_07.jpg?zoom=2&amp;resize=296%2C296 592w, https:\/\/i0.wp.com\/media1.marcocueva.com\/hagalund_07.jpg?zoom=3&amp;resize=296%2C296 888w\" width=\"296\" height=\"296\" loading=\"lazy\" data-original-width=\"296\" data-original-height=\"296\" itemprop=\"http:\/\/schema.org\/image\" title=\"&quot;Utan Titel&quot; 1999\" alt=\"&quot;Utan Titel&quot; 1999\" style=\"width: 296px; height: 296px;\" \/> <\/a> <div class=\"tiled-gallery-caption\" itemprop=\"caption description\"> \u00abUtan Titel\u00bb 1999, Solna Stad Granito <\/div> <\/div> <\/div> <div class=\"gallery-group\" style=\"width: 300px; height: 300px;\" data-original-width=\"300\" data-original-height=\"300\" > <div class=\"tiled-gallery-item \" itemprop=\"associatedMedia\" itemscope itemtype=\"http:\/\/schema.org\/ImageObject\"> <a href=\"https:\/\/marcocueva.com\/es\/2020-11-22-13-05-38-1\/\" border=\"0\" itemprop=\"url\"> <meta itemprop=\"width\" content=\"296\"> <meta itemprop=\"height\" content=\"296\"> <img decoding=\"async\" class=\"\" data-attachment-id=\"4516\" data-orig-file=\"https:\/\/media1.marcocueva.com\/2020-11-22-13.05.38-1-scaled.jpg\" data-orig-size=\"2560,2022\" data-comments-opened=\"\" data-image-meta=\"{&quot;aperture&quot;:&quot;2&quot;,&quot;credit&quot;:&quot;&quot;,&quot;camera&quot;:&quot;XQ-AU52&quot;,&quot;caption&quot;:&quot;&quot;,&quot;created_timestamp&quot;:&quot;1606050338&quot;,&quot;copyright&quot;:&quot;&quot;,&quot;focal_length&quot;:&quot;3.87&quot;,&quot;iso&quot;:&quot;50&quot;,&quot;shutter_speed&quot;:&quot;0.0021367521367521&quot;,&quot;title&quot;:&quot;&quot;,&quot;orientation&quot;:&quot;1&quot;,&quot;latitude_ref&quot;:&quot;N&quot;,&quot;longitude_ref&quot;:&quot;E&quot;,&quot;exposure_bias&quot;:&quot;0\\\/6&quot;,&quot;flash&quot;:&quot;24&quot;}\" data-image-title=\"\u00abUtan Titel\u00bb 1999\" data-image-description=\"&lt;p&gt;\u00abUtan Titel\u00bb 1999,&lt;br \/&gt; Solna Stad&lt;br \/&gt; Granito&lt;\/p&gt; \" data-medium-file=\"https:\/\/i0.wp.com\/media1.marcocueva.com\/2020-11-22-13.05.38-1-scaled.jpg?fit=720%2C569&#038;ssl=1\" data-large-file=\"https:\/\/i0.wp.com\/media1.marcocueva.com\/2020-11-22-13.05.38-1-scaled.jpg?fit=1024%2C809&#038;ssl=1\" src=\"https:\/\/i0.wp.com\/media1.marcocueva.com\/2020-11-22-13.05.38-1-scaled.jpg?w=296&#038;h=296&#038;crop=1&#038;ssl=1\" srcset=\"https:\/\/i0.wp.com\/media1.marcocueva.com\/2020-11-22-13.05.38-1-scaled.jpg?resize=150%2C150&amp;ssl=1 150w, https:\/\/i0.wp.com\/media1.marcocueva.com\/2020-11-22-13.05.38-1-scaled.jpg?resize=50%2C50&amp;ssl=1 50w, https:\/\/i0.wp.com\/media1.marcocueva.com\/2020-11-22-13.05.38-1-scaled.jpg?zoom=2&amp;resize=296%2C296 592w, https:\/\/i0.wp.com\/media1.marcocueva.com\/2020-11-22-13.05.38-1-scaled.jpg?zoom=3&amp;resize=296%2C296 888w\" width=\"296\" height=\"296\" loading=\"lazy\" data-original-width=\"296\" data-original-height=\"296\" itemprop=\"http:\/\/schema.org\/image\" title=\"&quot;Utan Titel&quot; 1999\" alt=\"&quot;Utan Titel&quot; 1999\" style=\"width: 296px; height: 296px;\" \/> <\/a> <div class=\"tiled-gallery-caption\" itemprop=\"caption description\"> \u00abUtan Titel\u00bb 1999, Solna Stad Granito <\/div> <\/div> <\/div> <div class=\"gallery-group\" style=\"width: 300px; height: 300px;\" data-original-width=\"300\" data-original-height=\"300\" > <div class=\"tiled-gallery-item \" itemprop=\"associatedMedia\" itemscope itemtype=\"http:\/\/schema.org\/ImageObject\"> <a href=\"https:\/\/marcocueva.com\/es\/2020-11-22-13-05-52\/\" border=\"0\" itemprop=\"url\"> <meta itemprop=\"width\" content=\"296\"> <meta itemprop=\"height\" content=\"296\"> <img decoding=\"async\" class=\"\" data-attachment-id=\"4514\" data-orig-file=\"https:\/\/media1.marcocueva.com\/2020-11-22-13.05.52-scaled.jpg\" data-orig-size=\"2560,2048\" data-comments-opened=\"\" data-image-meta=\"{&quot;aperture&quot;:&quot;2&quot;,&quot;credit&quot;:&quot;&quot;,&quot;camera&quot;:&quot;XQ-AU52&quot;,&quot;caption&quot;:&quot;&quot;,&quot;created_timestamp&quot;:&quot;1606050352&quot;,&quot;copyright&quot;:&quot;&quot;,&quot;focal_length&quot;:&quot;3.87&quot;,&quot;iso&quot;:&quot;64&quot;,&quot;shutter_speed&quot;:&quot;0.01&quot;,&quot;title&quot;:&quot;&quot;,&quot;orientation&quot;:&quot;1&quot;,&quot;latitude_ref&quot;:&quot;N&quot;,&quot;longitude_ref&quot;:&quot;E&quot;,&quot;exposure_bias&quot;:&quot;0\\\/6&quot;,&quot;flash&quot;:&quot;24&quot;}\" data-image-title=\"\u00abUtan Titel\u00bb 1999\" data-image-description=\"&lt;p&gt;\u00abUtan Titel\u00bb 1999,&lt;br \/&gt; Solna Stad&lt;br \/&gt; Granito&lt;\/p&gt; \" data-medium-file=\"https:\/\/i0.wp.com\/media1.marcocueva.com\/2020-11-22-13.05.52-scaled.jpg?fit=720%2C576&#038;ssl=1\" data-large-file=\"https:\/\/i0.wp.com\/media1.marcocueva.com\/2020-11-22-13.05.52-scaled.jpg?fit=1024%2C819&#038;ssl=1\" src=\"https:\/\/i0.wp.com\/media1.marcocueva.com\/2020-11-22-13.05.52-scaled.jpg?w=296&#038;h=296&#038;crop=1&#038;ssl=1\" srcset=\"https:\/\/i0.wp.com\/media1.marcocueva.com\/2020-11-22-13.05.52-scaled.jpg?resize=150%2C150&amp;ssl=1 150w, https:\/\/i0.wp.com\/media1.marcocueva.com\/2020-11-22-13.05.52-scaled.jpg?resize=50%2C50&amp;ssl=1 50w, https:\/\/i0.wp.com\/media1.marcocueva.com\/2020-11-22-13.05.52-scaled.jpg?zoom=2&amp;resize=296%2C296 592w, https:\/\/i0.wp.com\/media1.marcocueva.com\/2020-11-22-13.05.52-scaled.jpg?zoom=3&amp;resize=296%2C296 888w\" width=\"296\" height=\"296\" loading=\"lazy\" data-original-width=\"296\" data-original-height=\"296\" itemprop=\"http:\/\/schema.org\/image\" title=\"&quot;Utan Titel&quot; 1999\" alt=\"&quot;Utan Titel&quot; 1999\" style=\"width: 296px; height: 296px;\" \/> <\/a> <div class=\"tiled-gallery-caption\" itemprop=\"caption description\"> \u00abUtan Titel\u00bb 1999, Solna Stad Granito <\/div> <\/div> <\/div> <\/div> <div class=\"gallery-row\" style=\"width: 1200px; height: 300px;\" data-original-width=\"1200\" data-original-height=\"300\" > <div class=\"gallery-group\" style=\"width: 300px; height: 300px;\" data-original-width=\"300\" data-original-height=\"300\" > <div class=\"tiled-gallery-item \" itemprop=\"associatedMedia\" itemscope itemtype=\"http:\/\/schema.org\/ImageObject\"> <a href=\"https:\/\/marcocueva.com\/es\/hagalund_08\/\" border=\"0\" itemprop=\"url\"> <meta itemprop=\"width\" content=\"296\"> <meta itemprop=\"height\" content=\"296\"> <img decoding=\"async\" class=\"\" data-attachment-id=\"4519\" data-orig-file=\"https:\/\/media1.marcocueva.com\/hagalund_08.jpg\" data-orig-size=\"1921,1255\" data-comments-opened=\"\" data-image-meta=\"{&quot;aperture&quot;:&quot;0&quot;,&quot;credit&quot;:&quot;&quot;,&quot;camera&quot;:&quot;&quot;,&quot;caption&quot;:&quot;&quot;,&quot;created_timestamp&quot;:&quot;0&quot;,&quot;copyright&quot;:&quot;&quot;,&quot;focal_length&quot;:&quot;0&quot;,&quot;iso&quot;:&quot;0&quot;,&quot;shutter_speed&quot;:&quot;0&quot;,&quot;title&quot;:&quot;&quot;,&quot;orientation&quot;:&quot;0&quot;}\" data-image-title=\"\u00abUtan Titel\u00bb 1999\" data-image-description=\"&lt;p&gt;\u00abUtan Titel\u00bb 1999,&lt;br \/&gt; Solna Stad&lt;br \/&gt; Granito&lt;\/p&gt; \" data-medium-file=\"https:\/\/i0.wp.com\/media1.marcocueva.com\/hagalund_08.jpg?fit=720%2C470&#038;ssl=1\" data-large-file=\"https:\/\/i0.wp.com\/media1.marcocueva.com\/hagalund_08.jpg?fit=1024%2C669&#038;ssl=1\" src=\"https:\/\/i0.wp.com\/media1.marcocueva.com\/hagalund_08.jpg?w=296&#038;h=296&#038;crop=1&#038;ssl=1\" srcset=\"https:\/\/i0.wp.com\/media1.marcocueva.com\/hagalund_08.jpg?resize=150%2C150&amp;ssl=1 150w, https:\/\/i0.wp.com\/media1.marcocueva.com\/hagalund_08.jpg?resize=50%2C50&amp;ssl=1 50w, https:\/\/i0.wp.com\/media1.marcocueva.com\/hagalund_08.jpg?zoom=2&amp;resize=296%2C296 592w, https:\/\/i0.wp.com\/media1.marcocueva.com\/hagalund_08.jpg?zoom=3&amp;resize=296%2C296 888w\" width=\"296\" height=\"296\" loading=\"lazy\" data-original-width=\"296\" data-original-height=\"296\" itemprop=\"http:\/\/schema.org\/image\" title=\"&quot;Utan Titel&quot; 1999\" alt=\"&quot;Utan Titel&quot; 1999\" style=\"width: 296px; height: 296px;\" \/> <\/a> <div class=\"tiled-gallery-caption\" itemprop=\"caption description\"> \u00abUtan Titel\u00bb 1999, Solna Stad Granito <\/div> <\/div> <\/div> <div class=\"gallery-group\" style=\"width: 300px; height: 300px;\" data-original-width=\"300\" data-original-height=\"300\" > <div class=\"tiled-gallery-item \" itemprop=\"associatedMedia\" itemscope itemtype=\"http:\/\/schema.org\/ImageObject\"> <a href=\"https:\/\/marcocueva.com\/es\/hagalund_06\/\" border=\"0\" itemprop=\"url\"> <meta itemprop=\"width\" content=\"296\"> <meta itemprop=\"height\" content=\"296\"> <img decoding=\"async\" class=\"\" data-attachment-id=\"4517\" data-orig-file=\"https:\/\/media1.marcocueva.com\/hagalund_06.jpg\" data-orig-size=\"1923,1246\" data-comments-opened=\"\" data-image-meta=\"{&quot;aperture&quot;:&quot;0&quot;,&quot;credit&quot;:&quot;&quot;,&quot;camera&quot;:&quot;&quot;,&quot;caption&quot;:&quot;&quot;,&quot;created_timestamp&quot;:&quot;0&quot;,&quot;copyright&quot;:&quot;&quot;,&quot;focal_length&quot;:&quot;0&quot;,&quot;iso&quot;:&quot;0&quot;,&quot;shutter_speed&quot;:&quot;0&quot;,&quot;title&quot;:&quot;&quot;,&quot;orientation&quot;:&quot;0&quot;}\" data-image-title=\"\u00abUtan Titel\u00bb 1999\" data-image-description=\"&lt;p&gt;\u00abUtan Titel\u00bb 1999,&lt;br \/&gt; Solna Stad&lt;br \/&gt; Granito&lt;\/p&gt; \" data-medium-file=\"https:\/\/i0.wp.com\/media1.marcocueva.com\/hagalund_06.jpg?fit=720%2C467&#038;ssl=1\" data-large-file=\"https:\/\/i0.wp.com\/media1.marcocueva.com\/hagalund_06.jpg?fit=1024%2C663&#038;ssl=1\" src=\"https:\/\/i0.wp.com\/media1.marcocueva.com\/hagalund_06.jpg?w=296&#038;h=296&#038;crop=1&#038;ssl=1\" srcset=\"https:\/\/i0.wp.com\/media1.marcocueva.com\/hagalund_06.jpg?resize=150%2C150&amp;ssl=1 150w, https:\/\/i0.wp.com\/media1.marcocueva.com\/hagalund_06.jpg?resize=50%2C50&amp;ssl=1 50w, https:\/\/i0.wp.com\/media1.marcocueva.com\/hagalund_06.jpg?zoom=2&amp;resize=296%2C296 592w, https:\/\/i0.wp.com\/media1.marcocueva.com\/hagalund_06.jpg?zoom=3&amp;resize=296%2C296 888w\" width=\"296\" height=\"296\" loading=\"lazy\" data-original-width=\"296\" data-original-height=\"296\" itemprop=\"http:\/\/schema.org\/image\" title=\"&quot;Utan Titel&quot; 1999\" alt=\"&quot;Utan Titel&quot; 1999\" style=\"width: 296px; height: 296px;\" \/> <\/a> <div class=\"tiled-gallery-caption\" itemprop=\"caption description\"> \u00abUtan Titel\u00bb 1999, Solna Stad Granito <\/div> <\/div> <\/div> <div class=\"gallery-group\" style=\"width: 300px; height: 300px;\" data-original-width=\"300\" data-original-height=\"300\" > <div class=\"tiled-gallery-item \" itemprop=\"associatedMedia\" itemscope itemtype=\"http:\/\/schema.org\/ImageObject\"> <a href=\"https:\/\/marcocueva.com\/es\/2020-11-22-13-05-28-1\/\" border=\"0\" itemprop=\"url\"> <meta itemprop=\"width\" content=\"296\"> <meta itemprop=\"height\" content=\"296\"> <img decoding=\"async\" class=\"\" data-attachment-id=\"4512\" data-orig-file=\"https:\/\/media1.marcocueva.com\/2020-11-22-13.05.28-1-scaled.jpg\" data-orig-size=\"2048,2560\" data-comments-opened=\"\" data-image-meta=\"{&quot;aperture&quot;:&quot;2&quot;,&quot;credit&quot;:&quot;&quot;,&quot;camera&quot;:&quot;XQ-AU52&quot;,&quot;caption&quot;:&quot;&quot;,&quot;created_timestamp&quot;:&quot;1606050328&quot;,&quot;copyright&quot;:&quot;&quot;,&quot;focal_length&quot;:&quot;3.87&quot;,&quot;iso&quot;:&quot;64&quot;,&quot;shutter_speed&quot;:&quot;0.01&quot;,&quot;title&quot;:&quot;&quot;,&quot;orientation&quot;:&quot;1&quot;,&quot;latitude_ref&quot;:&quot;N&quot;,&quot;longitude_ref&quot;:&quot;E&quot;,&quot;exposure_bias&quot;:&quot;0\\\/6&quot;,&quot;flash&quot;:&quot;24&quot;}\" data-image-title=\"\u00abUtan Titel\u00bb 1999\" data-image-description=\"&lt;p&gt;\u00abUtan Titel\u00bb 1999,&lt;br \/&gt; Solna Stad&lt;br \/&gt; Granito&lt;\/p&gt; \" data-medium-file=\"https:\/\/i0.wp.com\/media1.marcocueva.com\/2020-11-22-13.05.28-1-scaled.jpg?fit=576%2C720&#038;ssl=1\" data-large-file=\"https:\/\/i0.wp.com\/media1.marcocueva.com\/2020-11-22-13.05.28-1-scaled.jpg?fit=819%2C1024&#038;ssl=1\" src=\"https:\/\/i0.wp.com\/media1.marcocueva.com\/2020-11-22-13.05.28-1-scaled.jpg?w=296&#038;h=296&#038;crop=1&#038;ssl=1\" srcset=\"https:\/\/i0.wp.com\/media1.marcocueva.com\/2020-11-22-13.05.28-1-scaled.jpg?resize=150%2C150&amp;ssl=1 150w, https:\/\/i0.wp.com\/media1.marcocueva.com\/2020-11-22-13.05.28-1-scaled.jpg?resize=50%2C50&amp;ssl=1 50w, https:\/\/i0.wp.com\/media1.marcocueva.com\/2020-11-22-13.05.28-1-scaled.jpg?zoom=2&amp;resize=296%2C296 592w, https:\/\/i0.wp.com\/media1.marcocueva.com\/2020-11-22-13.05.28-1-scaled.jpg?zoom=3&amp;resize=296%2C296 888w\" width=\"296\" height=\"296\" loading=\"lazy\" data-original-width=\"296\" data-original-height=\"296\" itemprop=\"http:\/\/schema.org\/image\" title=\"&quot;Utan Titel&quot; 1999\" alt=\"&quot;Utan Titel&quot; 1999\" style=\"width: 296px; height: 296px;\" \/> <\/a> <div class=\"tiled-gallery-caption\" itemprop=\"caption description\"> \u00abUtan Titel\u00bb 1999, Solna Stad Granito <\/div> <\/div> <\/div> <div class=\"gallery-group\" style=\"width: 300px; height: 300px;\" data-original-width=\"300\" data-original-height=\"300\" > <div class=\"tiled-gallery-item \" itemprop=\"associatedMedia\" itemscope itemtype=\"http:\/\/schema.org\/ImageObject\"> <a href=\"https:\/\/marcocueva.com\/es\/2020-11-22-13-05-48-1\/\" border=\"0\" itemprop=\"url\"> <meta itemprop=\"width\" content=\"296\"> <meta itemprop=\"height\" content=\"296\"> <img decoding=\"async\" class=\"\" data-attachment-id=\"4515\" data-orig-file=\"https:\/\/media1.marcocueva.com\/2020-11-22-13.05.48-1.jpg\" data-orig-size=\"2271,2271\" data-comments-opened=\"\" data-image-meta=\"{&quot;aperture&quot;:&quot;2&quot;,&quot;credit&quot;:&quot;&quot;,&quot;camera&quot;:&quot;XQ-AU52&quot;,&quot;caption&quot;:&quot;&quot;,&quot;created_timestamp&quot;:&quot;1606050348&quot;,&quot;copyright&quot;:&quot;&quot;,&quot;focal_length&quot;:&quot;3.87&quot;,&quot;iso&quot;:&quot;64&quot;,&quot;shutter_speed&quot;:&quot;0.01&quot;,&quot;title&quot;:&quot;&quot;,&quot;orientation&quot;:&quot;1&quot;,&quot;latitude_ref&quot;:&quot;N&quot;,&quot;longitude_ref&quot;:&quot;E&quot;,&quot;exposure_bias&quot;:&quot;0\\\/6&quot;,&quot;flash&quot;:&quot;24&quot;}\" data-image-title=\"\u00abUtan Titel\u00bb 1999\" data-image-description=\"&lt;p&gt;\u00abUtan Titel\u00bb 1999,&lt;br \/&gt; Solna Stad&lt;br \/&gt; Granito&lt;\/p&gt; \" data-medium-file=\"https:\/\/i0.wp.com\/media1.marcocueva.com\/2020-11-22-13.05.48-1.jpg?fit=720%2C720&#038;ssl=1\" data-large-file=\"https:\/\/i0.wp.com\/media1.marcocueva.com\/2020-11-22-13.05.48-1.jpg?fit=1024%2C1024&#038;ssl=1\" src=\"https:\/\/i0.wp.com\/media1.marcocueva.com\/2020-11-22-13.05.48-1.jpg?w=296&#038;h=296&#038;crop=1&#038;ssl=1\" srcset=\"https:\/\/i0.wp.com\/media1.marcocueva.com\/2020-11-22-13.05.48-1.jpg?w=2271&amp;ssl=1 2271w, https:\/\/i0.wp.com\/media1.marcocueva.com\/2020-11-22-13.05.48-1.jpg?resize=720%2C720&amp;ssl=1 720w, https:\/\/i0.wp.com\/media1.marcocueva.com\/2020-11-22-13.05.48-1.jpg?resize=1024%2C1024&amp;ssl=1 1024w, https:\/\/i0.wp.com\/media1.marcocueva.com\/2020-11-22-13.05.48-1.jpg?resize=150%2C150&amp;ssl=1 150w, https:\/\/i0.wp.com\/media1.marcocueva.com\/2020-11-22-13.05.48-1.jpg?resize=768%2C768&amp;ssl=1 768w, https:\/\/i0.wp.com\/media1.marcocueva.com\/2020-11-22-13.05.48-1.jpg?resize=1536%2C1536&amp;ssl=1 1536w, https:\/\/i0.wp.com\/media1.marcocueva.com\/2020-11-22-13.05.48-1.jpg?resize=2048%2C2048&amp;ssl=1 2048w, https:\/\/i0.wp.com\/media1.marcocueva.com\/2020-11-22-13.05.48-1.jpg?resize=50%2C50&amp;ssl=1 50w\" width=\"296\" height=\"296\" loading=\"lazy\" data-original-width=\"296\" data-original-height=\"296\" itemprop=\"http:\/\/schema.org\/image\" title=\"&quot;Utan Titel&quot; 1999\" alt=\"&quot;Utan Titel&quot; 1999\" style=\"width: 296px; height: 296px;\" \/> <\/a> <div class=\"tiled-gallery-caption\" itemprop=\"caption description\"> \u00abUtan Titel\u00bb 1999, Solna Stad Granito <\/div> <\/div> <\/div> <\/div> <\/div><\/p>\n<div class=\"gallery-frame \">","protected":false},"excerpt":{"rendered":"<p>Una de mis primeras obras p\u00fablicas tiene un nuevo hogar; mis viejos guantes de boxeo se mudaron de la Plaza Hagalund al Odinparken al lado del Museo Olle Olsson en Solna. Como un comentario al popular boxeador Harry Persson quien vivi\u00f3 en Hagalund la mayor parte de su vida.<\/p>\n","protected":false},"author":1,"featured_media":0,"comment_status":"closed","ping_status":"closed","sticky":false,"template":"","format":"standard","meta":{"jetpack_post_was_ever_published":false,"_jetpack_newsletter_access":"","_jetpack_dont_email_post_to_subs":false,"_jetpack_newsletter_tier_id":0,"_jetpack_memberships_contains_paywalled_content":false,"_jetpack_memberships_contains_paid_content":false,"footnotes":""},"categories":[15,17,13],"tags":[77,91,134,158],"class_list":["post-4520","post","type-post","status-publish","format-standard","hentry","category-older-work","category-public-works","category-work","tag-escultura","tag-granite","tag-piedra","tag-skulptur"],"jetpack_featured_media_url":"","jetpack_shortlink":"https:\/\/wp.me\/p63sn4-1aU","jetpack-related-posts":[{"id":359,"url":"https:\/\/marcocueva.com\/es\/359\/","url_meta":{"origin":4520,"position":0},"title":"Comunicado de Prensa","author":"Marco Cueva","date":"agosto 29, 2011","format":false,"excerpt":"\u201cMinotaur\u201d 2011, altr\u00e4, st\u00e5l-och j\u00e4rnspik, 80x40x30 cm P R E S S M E D D E L A N D E MARCO CUEVA \u201cMytologier\u201d 1 september \u2013 1 oktober, 2011 Galleri Charlotte Lund har gl\u00e4djen att presentera galleriets fj\u00e4rde separatutst\u00e4llning med Marco Cueva. I utst\u00e4llningen \u201dMytologier\u201d visar konstn\u00e4ren ett\u2026","rel":"","context":"En \u00abExposiciones\u00bb","block_context":{"text":"Exposiciones","link":"https:\/\/marcocueva.com\/es\/category\/work\/shows\/"},"img":{"alt_text":"","src":"","width":0,"height":0},"classes":[]},{"id":4549,"url":"https:\/\/marcocueva.com\/es\/time-a-new-project\/","url_meta":{"origin":4520,"position":1},"title":"Tiempo(?), Un nuevo Proyecto","author":"Marco Cueva","date":"enero 1, 2021","format":false,"excerpt":"Marimba con una sola mano El comienzo de un nuevo proyecto, un grupo de esculturas para un jard\u00edn de infantes en Gotemburgo, la piedra se llama Blue Bahia: un granito azul.","rel":"","context":"En \u00abObra P\u00fablica\u00bb","block_context":{"text":"Obra P\u00fablica","link":"https:\/\/marcocueva.com\/es\/category\/work\/public-works\/"},"img":{"alt_text":"Kairos","src":"https:\/\/i0.wp.com\/media1.marcocueva.com\/2020-12-17-14.57.27-scaled.jpg?resize=350%2C200","width":350,"height":200,"srcset":"https:\/\/i0.wp.com\/media1.marcocueva.com\/2020-12-17-14.57.27-scaled.jpg?resize=350%2C200 1x, https:\/\/i0.wp.com\/media1.marcocueva.com\/2020-12-17-14.57.27-scaled.jpg?resize=525%2C300 1.5x, https:\/\/i0.wp.com\/media1.marcocueva.com\/2020-12-17-14.57.27-scaled.jpg?resize=700%2C400 2x, https:\/\/i0.wp.com\/media1.marcocueva.com\/2020-12-17-14.57.27-scaled.jpg?resize=1050%2C600 3x, https:\/\/i0.wp.com\/media1.marcocueva.com\/2020-12-17-14.57.27-scaled.jpg?resize=1400%2C800 4x"},"classes":[]},{"id":5331,"url":"https:\/\/marcocueva.com\/es\/work-in-progress-oberon\/","url_meta":{"origin":4520,"position":2},"title":"Obras en Progreso: \u00abOber\u00f3n\u00bb","author":"Marco Cueva","date":"marzo 16, 2026","format":false,"excerpt":"Esta piedra lleva 15 a\u00f1os tirada en el patio de mi taller; es una riolita originaria de Mozambique. Y ahora que tengo tiempo en este momento esty revisitando viejos temas.","rel":"","context":"En \u00abObra\u00bb","block_context":{"text":"Obra","link":"https:\/\/marcocueva.com\/es\/category\/work\/"},"img":{"alt_text":"","src":"https:\/\/i0.wp.com\/media1.marcocueva.com\/20260313_154351680_iOS_v1.jpg?fit=1200%2C900&ssl=1&resize=350%2C200","width":350,"height":200,"srcset":"https:\/\/i0.wp.com\/media1.marcocueva.com\/20260313_154351680_iOS_v1.jpg?fit=1200%2C900&ssl=1&resize=350%2C200 1x, https:\/\/i0.wp.com\/media1.marcocueva.com\/20260313_154351680_iOS_v1.jpg?fit=1200%2C900&ssl=1&resize=525%2C300 1.5x, https:\/\/i0.wp.com\/media1.marcocueva.com\/20260313_154351680_iOS_v1.jpg?fit=1200%2C900&ssl=1&resize=700%2C400 2x, https:\/\/i0.wp.com\/media1.marcocueva.com\/20260313_154351680_iOS_v1.jpg?fit=1200%2C900&ssl=1&resize=1050%2C600 3x"},"classes":[]},{"id":3772,"url":"https:\/\/marcocueva.com\/es\/penultimate-leg-work-rinkebyterrassen\/","url_meta":{"origin":4520,"position":3},"title":"La pen\u00faltima etapa de los trabajos para Rinkebyterrassen","author":"Marco Cueva","date":"mayo 31, 2016","format":false,"excerpt":"Ya estoy trabajando con las \u00faltimas cuatro esculturas para la Terraza de Rinkeby, los materiales vienen de varias partes del mundo, uno viene del bosque detr\u00e1s de mi casa de campo, otro viene de Zimbabwe via Maputo y otro lo fui a buscar a Toscana y adonde aprovech\u00e9 para ir\u2026","rel":"","context":"En \u00abObra P\u00fablica\u00bb","block_context":{"text":"Obra P\u00fablica","link":"https:\/\/marcocueva.com\/es\/category\/work\/public-works\/"},"img":{"alt_text":"","src":"https:\/\/i0.wp.com\/media1.marcocueva.com\/Toscana-2016-05-12-01.jpg?resize=350%2C200","width":350,"height":200,"srcset":"https:\/\/i0.wp.com\/media1.marcocueva.com\/Toscana-2016-05-12-01.jpg?resize=350%2C200 1x, https:\/\/i0.wp.com\/media1.marcocueva.com\/Toscana-2016-05-12-01.jpg?resize=525%2C300 1.5x, https:\/\/i0.wp.com\/media1.marcocueva.com\/Toscana-2016-05-12-01.jpg?resize=700%2C400 2x, https:\/\/i0.wp.com\/media1.marcocueva.com\/Toscana-2016-05-12-01.jpg?resize=1050%2C600 3x, https:\/\/i0.wp.com\/media1.marcocueva.com\/Toscana-2016-05-12-01.jpg?resize=1400%2C800 4x"},"classes":[]},{"id":4611,"url":"https:\/\/marcocueva.com\/es\/winter-works\/","url_meta":{"origin":4520,"position":4},"title":"Trabajos de Invierno","author":"Marco Cueva","date":"marzo 24, 2021","format":false,"excerpt":"Trabajando durante el invierno en dos proyectos paralelos: uno para un jard\u00edn de infantes en Gotemburgo y el otro para un hogar de ancianos en Falun","rel":"","context":"En \u00abObra P\u00fablica\u00bb","block_context":{"text":"Obra P\u00fablica","link":"https:\/\/marcocueva.com\/es\/category\/work\/public-works\/"},"img":{"alt_text":"Karma","src":"https:\/\/i0.wp.com\/media1.marcocueva.com\/2021-02-07-15.12.16-scaled.jpg?fit=1200%2C800&ssl=1&resize=350%2C200","width":350,"height":200,"srcset":"https:\/\/i0.wp.com\/media1.marcocueva.com\/2021-02-07-15.12.16-scaled.jpg?fit=1200%2C800&ssl=1&resize=350%2C200 1x, https:\/\/i0.wp.com\/media1.marcocueva.com\/2021-02-07-15.12.16-scaled.jpg?fit=1200%2C800&ssl=1&resize=525%2C300 1.5x, https:\/\/i0.wp.com\/media1.marcocueva.com\/2021-02-07-15.12.16-scaled.jpg?fit=1200%2C800&ssl=1&resize=700%2C400 2x, https:\/\/i0.wp.com\/media1.marcocueva.com\/2021-02-07-15.12.16-scaled.jpg?fit=1200%2C800&ssl=1&resize=1050%2C600 3x"},"classes":[]},{"id":3031,"url":"https:\/\/marcocueva.com\/es\/detras-de-los-cerros-the-final-push\/","url_meta":{"origin":4520,"position":5},"title":"\u00bbDetr\u00e1s de los Cerros\u00bb (El \u00faltimo empuj\u00f3n)","author":"Marco Cueva","date":"octubre 16, 2015","format":"gallery","excerpt":"Un \u00faltimo esfuerzo para terminar Detr\u00e1s de los Cerros: Un grupo de esculturas para el Hogar de ancianos de Oskarslund, Karlstad. Muchas veces he preferido actuar antes de pensar y corregir mis errores sobre la marcha\u00a0pero en esta obra el margen de error tuvo que mantenerse al minimo. Me vi\u2026","rel":"","context":"En \u00abObra P\u00fablica\u00bb","block_context":{"text":"Obra P\u00fablica","link":"https:\/\/marcocueva.com\/es\/category\/work\/public-works\/"},"img":{"alt_text":"","src":"https:\/\/i0.wp.com\/media1.marcocueva.com\/detras-151015-02.jpg?fit=900%2C1200&ssl=1&resize=350%2C200","width":350,"height":200,"srcset":"https:\/\/i0.wp.com\/media1.marcocueva.com\/detras-151015-02.jpg?fit=900%2C1200&ssl=1&resize=350%2C200 1x, https:\/\/i0.wp.com\/media1.marcocueva.com\/detras-151015-02.jpg?fit=900%2C1200&ssl=1&resize=525%2C300 1.5x, https:\/\/i0.wp.com\/media1.marcocueva.com\/detras-151015-02.jpg?fit=900%2C1200&ssl=1&resize=700%2C400 2x"},"classes":[]}],"jetpack_sharing_enabled":true,"_links":{"self":[{"href":"https:\/\/marcocueva.com\/es\/wp-json\/wp\/v2\/posts\/4520","targetHints":{"allow":["GET"]}}],"collection":[{"href":"https:\/\/marcocueva.com\/es\/wp-json\/wp\/v2\/posts"}],"about":[{"href":"https:\/\/marcocueva.com\/es\/wp-json\/wp\/v2\/types\/post"}],"author":[{"embeddable":true,"href":"https:\/\/marcocueva.com\/es\/wp-json\/wp\/v2\/users\/1"}],"replies":[{"embeddable":true,"href":"https:\/\/marcocueva.com\/es\/wp-json\/wp\/v2\/comments?post=4520"}],"version-history":[{"count":6,"href":"https:\/\/marcocueva.com\/es\/wp-json\/wp\/v2\/posts\/4520\/revisions"}],"predecessor-version":[{"id":4528,"href":"https:\/\/marcocueva.com\/es\/wp-json\/wp\/v2\/posts\/4520\/revisions\/4528"}],"wp:attachment":[{"href":"https:\/\/marcocueva.com\/es\/wp-json\/wp\/v2\/media?parent=4520"}],"wp:term":[{"taxonomy":"category","embeddable":true,"href":"https:\/\/marcocueva.com\/es\/wp-json\/wp\/v2\/categories?post=4520"},{"taxonomy":"post_tag","embeddable":true,"href":"https:\/\/marcocueva.com\/es\/wp-json\/wp\/v2\/tags?post=4520"}],"curies":[{"name":"wp","href":"https:\/\/api.w.org\/{rel}","templated":true}]}}