{"id":3803,"date":"2016-06-16T21:47:38","date_gmt":"2016-06-16T19:47:38","guid":{"rendered":"http:\/\/marcocueva.com\/?p=3803"},"modified":"2020-09-22T00:10:24","modified_gmt":"2020-09-21T22:10:24","slug":"at-last","status":"publish","type":"post","link":"https:\/\/marcocueva.com\/sv\/at-last\/","title":{"rendered":"\u00c4ntligen!"},"content":{"rendered":"<p>Allt v\u00e4l som slutar v\u00e4l, efter m\u00e5nga v\u00e4ndor och diskussioner kunde verket avslutas och levereras<br \/>\n<div class=\"tiled-gallery type-rectangular tiled-gallery-unresized\" data-original-width=\"1200\" data-carousel-extra='{&quot;blog_id&quot;:1,&quot;permalink&quot;:&quot;https:\\\/\\\/marcocueva.com\\\/sv\\\/at-last\\\/&quot;,&quot;likes_blog_id&quot;:89482062}' itemscope itemtype=\"http:\/\/schema.org\/ImageGallery\" > <div class=\"gallery-row\" style=\"width: 1200px; height: 373px;\" data-original-width=\"1200\" data-original-height=\"373\" > <div class=\"gallery-group images-1\" style=\"width: 539px; height: 373px;\" data-original-width=\"539\" data-original-height=\"373\" > <div class=\"tiled-gallery-item tiled-gallery-item-large\" itemprop=\"associatedMedia\" itemscope itemtype=\"http:\/\/schema.org\/ImageObject\"> <a href=\"https:\/\/marcocueva.com\/sv\/at-last\/detras_de_los_cerros-2016-06-15-12\/\" border=\"0\" itemprop=\"url\"> <meta itemprop=\"width\" content=\"535\"> <meta itemprop=\"height\" content=\"369\"> <img decoding=\"async\" class=\"\" data-attachment-id=\"3815\" data-orig-file=\"https:\/\/media1.marcocueva.com\/detras_de_los_cerros-2016-06-15-12.jpg\" data-orig-size=\"1600,1106\" data-comments-opened=\"\" data-image-meta=\"{&quot;aperture&quot;:&quot;2&quot;,&quot;credit&quot;:&quot;&quot;,&quot;camera&quot;:&quot;E5823&quot;,&quot;caption&quot;:&quot;&quot;,&quot;created_timestamp&quot;:&quot;1465998427&quot;,&quot;copyright&quot;:&quot;&quot;,&quot;focal_length&quot;:&quot;4.23&quot;,&quot;iso&quot;:&quot;40&quot;,&quot;shutter_speed&quot;:&quot;0.0015625&quot;,&quot;title&quot;:&quot;&quot;,&quot;orientation&quot;:&quot;0&quot;,&quot;latitude_ref&quot;:&quot;N&quot;,&quot;longitude_ref&quot;:&quot;E&quot;,&quot;exposure_bias&quot;:&quot;-2\\\/3&quot;,&quot;flash&quot;:&quot;24&quot;}\" data-image-title=\"Detr\u00e1s de los Cerros\" data-image-description=\"\" data-medium-file=\"https:\/\/i0.wp.com\/media1.marcocueva.com\/detras_de_los_cerros-2016-06-15-12.jpg?fit=720%2C498&#038;ssl=1\" data-large-file=\"https:\/\/i0.wp.com\/media1.marcocueva.com\/detras_de_los_cerros-2016-06-15-12.jpg?fit=1024%2C708&#038;ssl=1\" src=\"https:\/\/i0.wp.com\/media1.marcocueva.com\/detras_de_los_cerros-2016-06-15-12.jpg?w=535&#038;h=369&#038;ssl=1\" srcset=\"https:\/\/i0.wp.com\/media1.marcocueva.com\/detras_de_los_cerros-2016-06-15-12.jpg?w=1600&amp;ssl=1 1600w, https:\/\/i0.wp.com\/media1.marcocueva.com\/detras_de_los_cerros-2016-06-15-12.jpg?resize=720%2C498&amp;ssl=1 720w, https:\/\/i0.wp.com\/media1.marcocueva.com\/detras_de_los_cerros-2016-06-15-12.jpg?resize=768%2C531&amp;ssl=1 768w, https:\/\/i0.wp.com\/media1.marcocueva.com\/detras_de_los_cerros-2016-06-15-12.jpg?resize=1024%2C708&amp;ssl=1 1024w\" width=\"535\" height=\"369\" loading=\"lazy\" data-original-width=\"535\" data-original-height=\"369\" itemprop=\"http:\/\/schema.org\/image\" title=\"Detr\u00e1s de los Cerros\" alt=\"Oskarslunds V\u00e5rdboende, Karlstad\" style=\"width: 535px; height: 369px;\" \/> <\/a> <div class=\"tiled-gallery-caption\" itemprop=\"caption description\"> Oskarslunds V\u00e5rdboende, Karlstad <\/div> <\/div> <\/div> <!-- close group --> <div class=\"gallery-group images-1\" style=\"width: 288px; height: 373px;\" data-original-width=\"288\" data-original-height=\"373\" > <div class=\"tiled-gallery-item tiled-gallery-item-large\" itemprop=\"associatedMedia\" itemscope itemtype=\"http:\/\/schema.org\/ImageObject\"> <a href=\"https:\/\/marcocueva.com\/sv\/at-last\/detras_de_los_cerros-2016-06-15-01\/\" border=\"0\" itemprop=\"url\"> <meta itemprop=\"width\" content=\"284\"> <meta itemprop=\"height\" content=\"369\"> <img decoding=\"async\" class=\"\" data-attachment-id=\"3804\" data-orig-file=\"https:\/\/media1.marcocueva.com\/Detras_de_los_Cerros-2016-06-15-01.jpg\" data-orig-size=\"1230,1600\" data-comments-opened=\"\" data-image-meta=\"{&quot;aperture&quot;:&quot;9&quot;,&quot;credit&quot;:&quot;&quot;,&quot;camera&quot;:&quot;ILCE-6000&quot;,&quot;caption&quot;:&quot;&quot;,&quot;created_timestamp&quot;:&quot;1465991647&quot;,&quot;copyright&quot;:&quot;&quot;,&quot;focal_length&quot;:&quot;109&quot;,&quot;iso&quot;:&quot;400&quot;,&quot;shutter_speed&quot;:&quot;0.004&quot;,&quot;title&quot;:&quot;&quot;,&quot;orientation&quot;:&quot;0&quot;,&quot;exposure_bias&quot;:&quot;0\\\/10&quot;,&quot;flash&quot;:&quot;16&quot;}\" data-image-title=\"Detr\u00e1s de los Cerros\" data-image-description=\"\" data-medium-file=\"https:\/\/i0.wp.com\/media1.marcocueva.com\/Detras_de_los_Cerros-2016-06-15-01.jpg?fit=554%2C720&#038;ssl=1\" data-large-file=\"https:\/\/i0.wp.com\/media1.marcocueva.com\/Detras_de_los_Cerros-2016-06-15-01.jpg?fit=787%2C1024&#038;ssl=1\" src=\"https:\/\/i0.wp.com\/media1.marcocueva.com\/Detras_de_los_Cerros-2016-06-15-01.jpg?w=284&#038;h=369&#038;ssl=1\" srcset=\"https:\/\/i0.wp.com\/media1.marcocueva.com\/Detras_de_los_Cerros-2016-06-15-01.jpg?w=1230&amp;ssl=1 1230w, https:\/\/i0.wp.com\/media1.marcocueva.com\/Detras_de_los_Cerros-2016-06-15-01.jpg?resize=554%2C720&amp;ssl=1 554w, https:\/\/i0.wp.com\/media1.marcocueva.com\/Detras_de_los_Cerros-2016-06-15-01.jpg?resize=768%2C999&amp;ssl=1 768w, https:\/\/i0.wp.com\/media1.marcocueva.com\/Detras_de_los_Cerros-2016-06-15-01.jpg?resize=787%2C1024&amp;ssl=1 787w\" width=\"284\" height=\"369\" loading=\"lazy\" data-original-width=\"284\" data-original-height=\"369\" itemprop=\"http:\/\/schema.org\/image\" title=\"Detr\u00e1s de los Cerros\" alt=\"Marble, steel 2016\" style=\"width: 284px; height: 369px;\" \/> <\/a> <div class=\"tiled-gallery-caption\" itemprop=\"caption description\"> Marble, steel 2016 <\/div> <\/div> <\/div> <!-- close group --> <div class=\"gallery-group images-1\" style=\"width: 373px; height: 373px;\" data-original-width=\"373\" data-original-height=\"373\" > <div class=\"tiled-gallery-item tiled-gallery-item-large\" itemprop=\"associatedMedia\" itemscope itemtype=\"http:\/\/schema.org\/ImageObject\"> <a href=\"https:\/\/marcocueva.com\/sv\/at-last\/detras_de_los_cerros-2016-06-15-08\/\" border=\"0\" itemprop=\"url\"> <meta itemprop=\"width\" content=\"369\"> <meta itemprop=\"height\" content=\"369\"> <img decoding=\"async\" class=\"\" data-attachment-id=\"3811\" data-orig-file=\"https:\/\/media1.marcocueva.com\/Detras_de_los_Cerros-2016-06-15-08.jpg\" data-orig-size=\"1600,1600\" data-comments-opened=\"\" data-image-meta=\"{&quot;aperture&quot;:&quot;11&quot;,&quot;credit&quot;:&quot;&quot;,&quot;camera&quot;:&quot;ILCE-6000&quot;,&quot;caption&quot;:&quot;&quot;,&quot;created_timestamp&quot;:&quot;1465992103&quot;,&quot;copyright&quot;:&quot;&quot;,&quot;focal_length&quot;:&quot;111&quot;,&quot;iso&quot;:&quot;400&quot;,&quot;shutter_speed&quot;:&quot;0.003125&quot;,&quot;title&quot;:&quot;&quot;,&quot;orientation&quot;:&quot;0&quot;,&quot;exposure_bias&quot;:&quot;0\\\/10&quot;,&quot;flash&quot;:&quot;16&quot;}\" data-image-title=\"Detr\u00e1s de los Cerros\" data-image-description=\"\" data-medium-file=\"https:\/\/i0.wp.com\/media1.marcocueva.com\/Detras_de_los_Cerros-2016-06-15-08.jpg?fit=720%2C720&#038;ssl=1\" data-large-file=\"https:\/\/i0.wp.com\/media1.marcocueva.com\/Detras_de_los_Cerros-2016-06-15-08.jpg?fit=1024%2C1024&#038;ssl=1\" src=\"https:\/\/i0.wp.com\/media1.marcocueva.com\/Detras_de_los_Cerros-2016-06-15-08.jpg?w=369&#038;h=369&#038;crop=1&#038;ssl=1\" srcset=\"https:\/\/i0.wp.com\/media1.marcocueva.com\/Detras_de_los_Cerros-2016-06-15-08.jpg?w=1600&amp;ssl=1 1600w, https:\/\/i0.wp.com\/media1.marcocueva.com\/Detras_de_los_Cerros-2016-06-15-08.jpg?resize=1536%2C1536&amp;ssl=1 1536w, https:\/\/i0.wp.com\/media1.marcocueva.com\/Detras_de_los_Cerros-2016-06-15-08.jpg?resize=150%2C150&amp;ssl=1 150w, https:\/\/i0.wp.com\/media1.marcocueva.com\/Detras_de_los_Cerros-2016-06-15-08.jpg?resize=720%2C720&amp;ssl=1 720w, https:\/\/i0.wp.com\/media1.marcocueva.com\/Detras_de_los_Cerros-2016-06-15-08.jpg?resize=768%2C768&amp;ssl=1 768w, https:\/\/i0.wp.com\/media1.marcocueva.com\/Detras_de_los_Cerros-2016-06-15-08.jpg?resize=1024%2C1024&amp;ssl=1 1024w, https:\/\/i0.wp.com\/media1.marcocueva.com\/Detras_de_los_Cerros-2016-06-15-08.jpg?resize=50%2C50&amp;ssl=1 50w\" width=\"369\" height=\"369\" loading=\"lazy\" data-original-width=\"369\" data-original-height=\"369\" itemprop=\"http:\/\/schema.org\/image\" title=\"Detr\u00e1s de los Cerros\" alt=\"Detr\u00e1s de los Cerros\" style=\"width: 369px; height: 369px;\" \/> <\/a> <\/div> <\/div> <!-- close group --> <\/div> <!-- close row --> <div class=\"gallery-row\" style=\"width: 1200px; height: 908px;\" data-original-width=\"1200\" data-original-height=\"908\" > <div class=\"gallery-group images-2\" style=\"width: 500px; height: 908px;\" data-original-width=\"500\" data-original-height=\"908\" > <div class=\"tiled-gallery-item tiled-gallery-item-large\" itemprop=\"associatedMedia\" itemscope itemtype=\"http:\/\/schema.org\/ImageObject\"> <a href=\"https:\/\/marcocueva.com\/sv\/at-last\/detras_de_los_cerros-2016-06-15-03\/\" border=\"0\" itemprop=\"url\"> <meta itemprop=\"width\" content=\"496\"> <meta itemprop=\"height\" content=\"403\"> <img decoding=\"async\" class=\"\" data-attachment-id=\"3806\" data-orig-file=\"https:\/\/media1.marcocueva.com\/detras_de_los_cerros-2016-06-15-03.jpg\" data-orig-size=\"1600,1300\" data-comments-opened=\"\" data-image-meta=\"{&quot;aperture&quot;:&quot;8&quot;,&quot;credit&quot;:&quot;&quot;,&quot;camera&quot;:&quot;ILCE-6000&quot;,&quot;caption&quot;:&quot;&quot;,&quot;created_timestamp&quot;:&quot;1465991770&quot;,&quot;copyright&quot;:&quot;&quot;,&quot;focal_length&quot;:&quot;210&quot;,&quot;iso&quot;:&quot;400&quot;,&quot;shutter_speed&quot;:&quot;0.002&quot;,&quot;title&quot;:&quot;&quot;,&quot;orientation&quot;:&quot;0&quot;,&quot;exposure_bias&quot;:&quot;0\\\/10&quot;,&quot;flash&quot;:&quot;16&quot;}\" data-image-title=\"Detr\u00e1s de los Cerros\" data-image-description=\"\" data-medium-file=\"https:\/\/i0.wp.com\/media1.marcocueva.com\/detras_de_los_cerros-2016-06-15-03.jpg?fit=720%2C585&#038;ssl=1\" data-large-file=\"https:\/\/i0.wp.com\/media1.marcocueva.com\/detras_de_los_cerros-2016-06-15-03.jpg?fit=1024%2C832&#038;ssl=1\" src=\"https:\/\/i0.wp.com\/media1.marcocueva.com\/detras_de_los_cerros-2016-06-15-03.jpg?w=496&#038;h=403&#038;ssl=1\" srcset=\"https:\/\/i0.wp.com\/media1.marcocueva.com\/detras_de_los_cerros-2016-06-15-03.jpg?w=1600&amp;ssl=1 1600w, https:\/\/i0.wp.com\/media1.marcocueva.com\/detras_de_los_cerros-2016-06-15-03.jpg?resize=720%2C585&amp;ssl=1 720w, https:\/\/i0.wp.com\/media1.marcocueva.com\/detras_de_los_cerros-2016-06-15-03.jpg?resize=768%2C624&amp;ssl=1 768w, https:\/\/i0.wp.com\/media1.marcocueva.com\/detras_de_los_cerros-2016-06-15-03.jpg?resize=1024%2C832&amp;ssl=1 1024w\" width=\"496\" height=\"403\" loading=\"lazy\" data-original-width=\"496\" data-original-height=\"403\" itemprop=\"http:\/\/schema.org\/image\" title=\"Detr\u00e1s de los Cerros\" alt=\"Detr\u00e1s de los Cerros\" style=\"width: 496px; height: 403px;\" \/> <\/a> <\/div> <div class=\"tiled-gallery-item tiled-gallery-item-large\" itemprop=\"associatedMedia\" itemscope itemtype=\"http:\/\/schema.org\/ImageObject\"> <a href=\"https:\/\/marcocueva.com\/sv\/at-last\/detras_de_los_cerros-2016-06-15-09\/\" border=\"0\" itemprop=\"url\"> <meta itemprop=\"width\" content=\"496\"> <meta itemprop=\"height\" content=\"497\"> <img decoding=\"async\" class=\"\" data-attachment-id=\"3812\" data-orig-file=\"https:\/\/media1.marcocueva.com\/detras_de_los_cerros-2016-06-15-09.jpg\" data-orig-size=\"1600,1600\" data-comments-opened=\"\" data-image-meta=\"{&quot;aperture&quot;:&quot;10&quot;,&quot;credit&quot;:&quot;&quot;,&quot;camera&quot;:&quot;ILCE-6000&quot;,&quot;caption&quot;:&quot;&quot;,&quot;created_timestamp&quot;:&quot;1465992200&quot;,&quot;copyright&quot;:&quot;&quot;,&quot;focal_length&quot;:&quot;16&quot;,&quot;iso&quot;:&quot;400&quot;,&quot;shutter_speed&quot;:&quot;0.008&quot;,&quot;title&quot;:&quot;&quot;,&quot;orientation&quot;:&quot;0&quot;,&quot;exposure_bias&quot;:&quot;0\\\/10&quot;,&quot;flash&quot;:&quot;16&quot;}\" data-image-title=\"Detr\u00e1s de los Cerros\" data-image-description=\"\" data-medium-file=\"https:\/\/i0.wp.com\/media1.marcocueva.com\/detras_de_los_cerros-2016-06-15-09.jpg?fit=720%2C720&#038;ssl=1\" data-large-file=\"https:\/\/i0.wp.com\/media1.marcocueva.com\/detras_de_los_cerros-2016-06-15-09.jpg?fit=1024%2C1024&#038;ssl=1\" src=\"https:\/\/i0.wp.com\/media1.marcocueva.com\/detras_de_los_cerros-2016-06-15-09.jpg?w=496&#038;h=497&#038;ssl=1\" srcset=\"https:\/\/i0.wp.com\/media1.marcocueva.com\/detras_de_los_cerros-2016-06-15-09.jpg?w=1600&amp;ssl=1 1600w, https:\/\/i0.wp.com\/media1.marcocueva.com\/detras_de_los_cerros-2016-06-15-09.jpg?resize=150%2C150&amp;ssl=1 150w, https:\/\/i0.wp.com\/media1.marcocueva.com\/detras_de_los_cerros-2016-06-15-09.jpg?resize=720%2C720&amp;ssl=1 720w, https:\/\/i0.wp.com\/media1.marcocueva.com\/detras_de_los_cerros-2016-06-15-09.jpg?resize=768%2C768&amp;ssl=1 768w, https:\/\/i0.wp.com\/media1.marcocueva.com\/detras_de_los_cerros-2016-06-15-09.jpg?resize=1024%2C1024&amp;ssl=1 1024w, https:\/\/i0.wp.com\/media1.marcocueva.com\/detras_de_los_cerros-2016-06-15-09.jpg?resize=50%2C50&amp;ssl=1 50w\" width=\"496\" height=\"497\" loading=\"lazy\" data-original-width=\"496\" data-original-height=\"497\" itemprop=\"http:\/\/schema.org\/image\" title=\"Detr\u00e1s de los Cerros\" alt=\"Oskarslunds V\u00e5rdboende, Karlstad\" style=\"width: 496px; height: 497px;\" \/> <\/a> <div class=\"tiled-gallery-caption\" itemprop=\"caption description\"> Oskarslunds V\u00e5rdboende, Karlstad <\/div> <\/div> <\/div> <!-- close group --> <div class=\"gallery-group images-1\" style=\"width: 700px; height: 908px;\" data-original-width=\"700\" data-original-height=\"908\" > <div class=\"tiled-gallery-item tiled-gallery-item-large\" itemprop=\"associatedMedia\" itemscope itemtype=\"http:\/\/schema.org\/ImageObject\"> <a href=\"https:\/\/marcocueva.com\/sv\/at-last\/detras_de_los_cerros-2016-06-15-11-2\/\" border=\"0\" itemprop=\"url\"> <meta itemprop=\"width\" content=\"696\"> <meta itemprop=\"height\" content=\"904\"> <img decoding=\"async\" class=\"\" data-attachment-id=\"3817\" data-orig-file=\"https:\/\/media1.marcocueva.com\/detras_de_los_cerros-2016-06-15-11-1.jpg\" data-orig-size=\"1232,1600\" data-comments-opened=\"\" data-image-meta=\"{&quot;aperture&quot;:&quot;2&quot;,&quot;credit&quot;:&quot;&quot;,&quot;camera&quot;:&quot;E5823&quot;,&quot;caption&quot;:&quot;&quot;,&quot;created_timestamp&quot;:&quot;1465997914&quot;,&quot;copyright&quot;:&quot;&quot;,&quot;focal_length&quot;:&quot;4.23&quot;,&quot;iso&quot;:&quot;40&quot;,&quot;shutter_speed&quot;:&quot;0.0025&quot;,&quot;title&quot;:&quot;&quot;,&quot;orientation&quot;:&quot;0&quot;,&quot;latitude_ref&quot;:&quot;N&quot;,&quot;longitude_ref&quot;:&quot;E&quot;,&quot;exposure_bias&quot;:&quot;0\\\/3&quot;,&quot;flash&quot;:&quot;16&quot;}\" data-image-title=\"Detr\u00e1s de los Cerros\" data-image-description=\"\" data-medium-file=\"https:\/\/i0.wp.com\/media1.marcocueva.com\/detras_de_los_cerros-2016-06-15-11-1.jpg?fit=554%2C720&#038;ssl=1\" data-large-file=\"https:\/\/i0.wp.com\/media1.marcocueva.com\/detras_de_los_cerros-2016-06-15-11-1.jpg?fit=788%2C1024&#038;ssl=1\" src=\"https:\/\/i0.wp.com\/media1.marcocueva.com\/detras_de_los_cerros-2016-06-15-11-1.jpg?w=696&#038;h=904&#038;ssl=1\" srcset=\"https:\/\/i0.wp.com\/media1.marcocueva.com\/detras_de_los_cerros-2016-06-15-11-1.jpg?w=1232&amp;ssl=1 1232w, https:\/\/i0.wp.com\/media1.marcocueva.com\/detras_de_los_cerros-2016-06-15-11-1.jpg?resize=554%2C720&amp;ssl=1 554w, https:\/\/i0.wp.com\/media1.marcocueva.com\/detras_de_los_cerros-2016-06-15-11-1.jpg?resize=768%2C997&amp;ssl=1 768w, https:\/\/i0.wp.com\/media1.marcocueva.com\/detras_de_los_cerros-2016-06-15-11-1.jpg?resize=788%2C1024&amp;ssl=1 788w\" width=\"696\" height=\"904\" loading=\"lazy\" data-original-width=\"696\" data-original-height=\"904\" itemprop=\"http:\/\/schema.org\/image\" title=\"Detr\u00e1s de los Cerros\" alt=\"Oskarslunds V\u00e5rdboende, Karlstad\" style=\"width: 696px; height: 904px;\" \/> <\/a> <div class=\"tiled-gallery-caption\" itemprop=\"caption description\"> Oskarslunds V\u00e5rdboende, Karlstad <\/div> <\/div> <\/div> <!-- close group --> <\/div> <!-- close row --> <div class=\"gallery-row\" style=\"width: 1200px; height: 412px;\" data-original-width=\"1200\" data-original-height=\"412\" > <div class=\"gallery-group images-1\" style=\"width: 703px; height: 412px;\" data-original-width=\"703\" data-original-height=\"412\" > <div class=\"tiled-gallery-item tiled-gallery-item-large\" itemprop=\"associatedMedia\" itemscope itemtype=\"http:\/\/schema.org\/ImageObject\"> <a href=\"https:\/\/marcocueva.com\/sv\/at-last\/detras_de_los_cerros-2016-06-15-07\/\" border=\"0\" itemprop=\"url\"> <meta itemprop=\"width\" content=\"699\"> <meta itemprop=\"height\" content=\"408\"> <img decoding=\"async\" class=\"\" data-attachment-id=\"3810\" data-orig-file=\"https:\/\/media1.marcocueva.com\/detras_de_los_cerros-2016-06-15-07.jpg\" data-orig-size=\"1600,935\" data-comments-opened=\"\" data-image-meta=\"{&quot;aperture&quot;:&quot;9&quot;,&quot;credit&quot;:&quot;&quot;,&quot;camera&quot;:&quot;ILCE-6000&quot;,&quot;caption&quot;:&quot;&quot;,&quot;created_timestamp&quot;:&quot;1465991941&quot;,&quot;copyright&quot;:&quot;&quot;,&quot;focal_length&quot;:&quot;16&quot;,&quot;iso&quot;:&quot;400&quot;,&quot;shutter_speed&quot;:&quot;0.004&quot;,&quot;title&quot;:&quot;&quot;,&quot;orientation&quot;:&quot;0&quot;,&quot;exposure_bias&quot;:&quot;0\\\/10&quot;,&quot;flash&quot;:&quot;16&quot;}\" data-image-title=\"Detr\u00e1s de los Cerros\" data-image-description=\"\" data-medium-file=\"https:\/\/i0.wp.com\/media1.marcocueva.com\/detras_de_los_cerros-2016-06-15-07.jpg?fit=720%2C421&#038;ssl=1\" data-large-file=\"https:\/\/i0.wp.com\/media1.marcocueva.com\/detras_de_los_cerros-2016-06-15-07.jpg?fit=1024%2C598&#038;ssl=1\" src=\"https:\/\/i0.wp.com\/media1.marcocueva.com\/detras_de_los_cerros-2016-06-15-07.jpg?w=699&#038;h=408&#038;ssl=1\" srcset=\"https:\/\/i0.wp.com\/media1.marcocueva.com\/detras_de_los_cerros-2016-06-15-07.jpg?w=1600&amp;ssl=1 1600w, https:\/\/i0.wp.com\/media1.marcocueva.com\/detras_de_los_cerros-2016-06-15-07.jpg?resize=720%2C421&amp;ssl=1 720w, https:\/\/i0.wp.com\/media1.marcocueva.com\/detras_de_los_cerros-2016-06-15-07.jpg?resize=768%2C449&amp;ssl=1 768w, https:\/\/i0.wp.com\/media1.marcocueva.com\/detras_de_los_cerros-2016-06-15-07.jpg?resize=1024%2C598&amp;ssl=1 1024w\" width=\"699\" height=\"408\" loading=\"lazy\" data-original-width=\"699\" data-original-height=\"408\" itemprop=\"http:\/\/schema.org\/image\" title=\"Detr\u00e1s de los Cerros\" alt=\"Oskarslunds V\u00e5rdboende, Karlstad\" style=\"width: 699px; height: 408px;\" \/> <\/a> <div class=\"tiled-gallery-caption\" itemprop=\"caption description\"> Oskarslunds V\u00e5rdboende, Karlstad <\/div> <\/div> <\/div> <!-- close group --> <div class=\"gallery-group images-1\" style=\"width: 497px; height: 412px;\" data-original-width=\"497\" data-original-height=\"412\" > <div class=\"tiled-gallery-item tiled-gallery-item-large\" itemprop=\"associatedMedia\" itemscope itemtype=\"http:\/\/schema.org\/ImageObject\"> <a href=\"https:\/\/marcocueva.com\/sv\/at-last\/detras_de_los_cerros-2016-06-15-05\/\" border=\"0\" itemprop=\"url\"> <meta itemprop=\"width\" content=\"493\"> <meta itemprop=\"height\" content=\"408\"> <img decoding=\"async\" class=\"\" data-attachment-id=\"3808\" data-orig-file=\"https:\/\/media1.marcocueva.com\/Detras_de_los_Cerros-2016-06-15-05.jpg\" data-orig-size=\"1600,1324\" data-comments-opened=\"\" data-image-meta=\"{&quot;aperture&quot;:&quot;7.1&quot;,&quot;credit&quot;:&quot;&quot;,&quot;camera&quot;:&quot;ILCE-6000&quot;,&quot;caption&quot;:&quot;&quot;,&quot;created_timestamp&quot;:&quot;1465991820&quot;,&quot;copyright&quot;:&quot;&quot;,&quot;focal_length&quot;:&quot;70&quot;,&quot;iso&quot;:&quot;400&quot;,&quot;shutter_speed&quot;:&quot;0.004&quot;,&quot;title&quot;:&quot;&quot;,&quot;orientation&quot;:&quot;0&quot;,&quot;exposure_bias&quot;:&quot;0\\\/10&quot;,&quot;flash&quot;:&quot;16&quot;}\" data-image-title=\"Detr\u00e1s de los Cerros\" data-image-description=\"\" data-medium-file=\"https:\/\/i0.wp.com\/media1.marcocueva.com\/Detras_de_los_Cerros-2016-06-15-05.jpg?fit=720%2C596&#038;ssl=1\" data-large-file=\"https:\/\/i0.wp.com\/media1.marcocueva.com\/Detras_de_los_Cerros-2016-06-15-05.jpg?fit=1024%2C847&#038;ssl=1\" src=\"https:\/\/i0.wp.com\/media1.marcocueva.com\/Detras_de_los_Cerros-2016-06-15-05.jpg?w=493&#038;h=408&#038;ssl=1\" srcset=\"https:\/\/i0.wp.com\/media1.marcocueva.com\/Detras_de_los_Cerros-2016-06-15-05.jpg?w=1600&amp;ssl=1 1600w, https:\/\/i0.wp.com\/media1.marcocueva.com\/Detras_de_los_Cerros-2016-06-15-05.jpg?resize=720%2C596&amp;ssl=1 720w, https:\/\/i0.wp.com\/media1.marcocueva.com\/Detras_de_los_Cerros-2016-06-15-05.jpg?resize=768%2C636&amp;ssl=1 768w, https:\/\/i0.wp.com\/media1.marcocueva.com\/Detras_de_los_Cerros-2016-06-15-05.jpg?resize=1024%2C847&amp;ssl=1 1024w\" width=\"493\" height=\"408\" loading=\"lazy\" data-original-width=\"493\" data-original-height=\"408\" itemprop=\"http:\/\/schema.org\/image\" title=\"Detr\u00e1s de los Cerros\" alt=\"Oskarslunds V\u00e5rdboende, Karlstad\" style=\"width: 493px; height: 408px;\" \/> <\/a> <div class=\"tiled-gallery-caption\" itemprop=\"caption description\"> Oskarslunds V\u00e5rdboende, Karlstad <\/div> <\/div> <\/div> <!-- close group --> <\/div> <!-- close row --> <div class=\"gallery-row\" style=\"width: 1200px; height: 1768px;\" data-original-width=\"1200\" data-original-height=\"1768\" > <div class=\"gallery-group images-1\" style=\"width: 1200px; height: 1768px;\" data-original-width=\"1200\" data-original-height=\"1768\" > <div class=\"tiled-gallery-item tiled-gallery-item-large\" itemprop=\"associatedMedia\" itemscope itemtype=\"http:\/\/schema.org\/ImageObject\"> <a href=\"https:\/\/marcocueva.com\/sv\/at-last\/detras_de_los_cerros-2016-06-15-04\/\" border=\"0\" itemprop=\"url\"> <meta itemprop=\"width\" content=\"1196\"> <meta itemprop=\"height\" content=\"1764\"> <img decoding=\"async\" class=\"\" data-attachment-id=\"3807\" data-orig-file=\"https:\/\/media1.marcocueva.com\/detras_de_los_cerros-2016-06-15-04.jpg\" data-orig-size=\"1085,1600\" data-comments-opened=\"\" data-image-meta=\"{&quot;aperture&quot;:&quot;9&quot;,&quot;credit&quot;:&quot;&quot;,&quot;camera&quot;:&quot;ILCE-6000&quot;,&quot;caption&quot;:&quot;&quot;,&quot;created_timestamp&quot;:&quot;1465991780&quot;,&quot;copyright&quot;:&quot;&quot;,&quot;focal_length&quot;:&quot;162&quot;,&quot;iso&quot;:&quot;400&quot;,&quot;shutter_speed&quot;:&quot;0.003125&quot;,&quot;title&quot;:&quot;&quot;,&quot;orientation&quot;:&quot;0&quot;,&quot;exposure_bias&quot;:&quot;0\\\/10&quot;,&quot;flash&quot;:&quot;16&quot;}\" data-image-title=\"Detr\u00e1s de los Cerros\" data-image-description=\"\" data-medium-file=\"https:\/\/i0.wp.com\/media1.marcocueva.com\/detras_de_los_cerros-2016-06-15-04.jpg?fit=488%2C720&#038;ssl=1\" data-large-file=\"https:\/\/i0.wp.com\/media1.marcocueva.com\/detras_de_los_cerros-2016-06-15-04.jpg?fit=694%2C1024&#038;ssl=1\" src=\"https:\/\/i0.wp.com\/media1.marcocueva.com\/detras_de_los_cerros-2016-06-15-04.jpg?w=1196&#038;h=1764&#038;ssl=1\" srcset=\"https:\/\/i0.wp.com\/media1.marcocueva.com\/detras_de_los_cerros-2016-06-15-04.jpg?w=1085&amp;ssl=1 1085w, https:\/\/i0.wp.com\/media1.marcocueva.com\/detras_de_los_cerros-2016-06-15-04.jpg?resize=488%2C720&amp;ssl=1 488w, https:\/\/i0.wp.com\/media1.marcocueva.com\/detras_de_los_cerros-2016-06-15-04.jpg?resize=768%2C1133&amp;ssl=1 768w, https:\/\/i0.wp.com\/media1.marcocueva.com\/detras_de_los_cerros-2016-06-15-04.jpg?resize=694%2C1024&amp;ssl=1 694w\" width=\"1196\" height=\"1764\" loading=\"lazy\" data-original-width=\"1196\" data-original-height=\"1764\" itemprop=\"http:\/\/schema.org\/image\" title=\"Detr\u00e1s de los Cerros\" alt=\"Detr\u00e1s de los Cerros\" style=\"width: 1196px; height: 1764px;\" \/> <\/a> <\/div> <\/div> <!-- close group --> <\/div> <!-- close row --> <\/div><br \/>\nSe hela processen <a href=\"http:\/\/marcocueva.com\/sv\/tag\/oskarslund\/\"><em>h\u00e4r<\/em><\/a><\/p>\n<div class=\"gallery-frame \">","protected":false},"excerpt":{"rendered":"<p>Allt v\u00e4l som slutar v\u00e4l, efter m\u00e5nga v\u00e4ndor och diskussioner kunde verket avslutas och levereras Se hela processen h\u00e4r<\/p>\n","protected":false},"author":1,"featured_media":3811,"comment_status":"closed","ping_status":"open","sticky":false,"template":"","format":"standard","meta":{"jetpack_post_was_ever_published":false,"_jetpack_newsletter_access":"","_jetpack_dont_email_post_to_subs":false,"_jetpack_newsletter_tier_id":0,"_jetpack_memberships_contains_paywalled_content":false,"_jetpack_memberships_contains_paid_content":false,"footnotes":""},"categories":[17,13],"tags":[206,225,111,112,113,213,141],"class_list":["post-3803","post","type-post","status-publish","format-standard","has-post-thumbnail","hentry","category-public-works","category-work","tag-centro-internacional-de-escultura","tag-karlstad","tag-marble","tag-marmol","tag-marmor","tag-oskarslund","tag-public-art"],"jetpack_featured_media_url":"https:\/\/i0.wp.com\/media1.marcocueva.com\/Detras_de_los_Cerros-2016-06-15-08.jpg?fit=1600%2C1600&ssl=1","jetpack_shortlink":"https:\/\/wp.me\/p63sn4-Zl","jetpack-related-posts":[{"id":3905,"url":"https:\/\/marcocueva.com\/sv\/autumn-works\/","url_meta":{"origin":3803,"position":0},"title":"H\u00f6st Arbeten","author":"Marco Cueva","date":"november 11, 2016","format":false,"excerpt":"Mina h\u00f6starbeten gallery type=\"columns\" ids=\"3901,3885,3884,3847,3845,3844,3843,3902,3868,3846,3862,3861,3866,3859,3874,3849,3876,3860,3857,3865,3880\" orderby=\"rand\"] \"Lluvia\"; Marmor, rostfritt st\u00e5l och bl\u00e5 granit \"Balam\"; Bl\u00e5 Bahia granit \"Neko\"; Upplandskt pegmatite \u00a0","rel":"","context":"I \u201dPlatser\u201d","block_context":{"text":"Platser","link":"https:\/\/marcocueva.com\/sv\/category\/impressions\/places\/"},"img":{"alt_text":"","src":"https:\/\/i0.wp.com\/media1.marcocueva.com\/DSC02195.jpg?fit=1200%2C800&ssl=1&resize=350%2C200","width":350,"height":200,"srcset":"https:\/\/i0.wp.com\/media1.marcocueva.com\/DSC02195.jpg?fit=1200%2C800&ssl=1&resize=350%2C200 1x, https:\/\/i0.wp.com\/media1.marcocueva.com\/DSC02195.jpg?fit=1200%2C800&ssl=1&resize=525%2C300 1.5x, https:\/\/i0.wp.com\/media1.marcocueva.com\/DSC02195.jpg?fit=1200%2C800&ssl=1&resize=700%2C400 2x, https:\/\/i0.wp.com\/media1.marcocueva.com\/DSC02195.jpg?fit=1200%2C800&ssl=1&resize=1050%2C600 3x"},"classes":[]},{"id":3031,"url":"https:\/\/marcocueva.com\/sv\/detras-de-los-cerros-the-final-push\/","url_meta":{"origin":3803,"position":1},"title":"&#8221;Detr\u00e1s de los Cerros&#8221; (slutspurten)","author":"Marco Cueva","date":"oktober 16, 2015","format":"gallery","excerpt":"Ett sista f\u00f6rs\u00f6k att avsluta Detr\u00e1s de los Cerros: En skulpturgrupp\u00a0f\u00f6r Oskarslunds V\u00e5rdboende, Karlstads Kommun. Jag har ofta f\u00f6redragit att handla f\u00f6rst och t\u00e4nka sedan\u00a0och korrigera mina misstag p\u00e5 v\u00e4gen, men h\u00e4r felmarginalen var n\u00e4stan obefintlig. Jag blev\u00a0tvungen att t\u00e4nka efter innan. Men \u00a0efter m\u00e5nga kallsvettiga\u00a0n\u00e4tter och med \u00a0hj\u00e4lp av\u2026","rel":"","context":"I \u201dOffentliga Arbeten\u201d","block_context":{"text":"Offentliga Arbeten","link":"https:\/\/marcocueva.com\/sv\/category\/work\/public-works\/"},"img":{"alt_text":"","src":"https:\/\/i0.wp.com\/media1.marcocueva.com\/detras-151015-02.jpg?fit=900%2C1200&ssl=1&resize=350%2C200","width":350,"height":200,"srcset":"https:\/\/i0.wp.com\/media1.marcocueva.com\/detras-151015-02.jpg?fit=900%2C1200&ssl=1&resize=350%2C200 1x, https:\/\/i0.wp.com\/media1.marcocueva.com\/detras-151015-02.jpg?fit=900%2C1200&ssl=1&resize=525%2C300 1.5x, https:\/\/i0.wp.com\/media1.marcocueva.com\/detras-151015-02.jpg?fit=900%2C1200&ssl=1&resize=700%2C400 2x"},"classes":[]},{"id":4181,"url":"https:\/\/marcocueva.com\/sv\/orebro-part-2\/","url_meta":{"origin":3803,"position":2},"title":"&#8221;Arcadia&#8221;, del tv\u00e5","author":"Marco Cueva","date":"oktober 30, 2018","format":"gallery","excerpt":"Sista handen lades innan transport och montering i \u00d6rebro, Karlslunds nya v\u00e5rd och omsorgsboende","rel":"","context":"I \u201dOffentliga Arbeten\u201d","block_context":{"text":"Offentliga Arbeten","link":"https:\/\/marcocueva.com\/sv\/category\/work\/public-works\/"},"img":{"alt_text":"","src":"https:\/\/i0.wp.com\/media1.marcocueva.com\/2018-10-28-15.04.42_lzn.jpg?fit=1024%2C1024&ssl=1&resize=350%2C200","width":350,"height":200,"srcset":"https:\/\/i0.wp.com\/media1.marcocueva.com\/2018-10-28-15.04.42_lzn.jpg?fit=1024%2C1024&ssl=1&resize=350%2C200 1x, https:\/\/i0.wp.com\/media1.marcocueva.com\/2018-10-28-15.04.42_lzn.jpg?fit=1024%2C1024&ssl=1&resize=525%2C300 1.5x, https:\/\/i0.wp.com\/media1.marcocueva.com\/2018-10-28-15.04.42_lzn.jpg?fit=1024%2C1024&ssl=1&resize=700%2C400 2x"},"classes":[]},{"id":3318,"url":"https:\/\/marcocueva.com\/sv\/kosmogoni-trabajos-en-curso\/","url_meta":{"origin":3803,"position":3},"title":"&#8221;Kosmogoni&#8221; Under Arbete","author":"Marco Cueva","date":"december 14, 2015","format":"gallery","excerpt":"Andra resan till Indien och skulpturerna till Rinkebyterrassen b\u00f6rjar ta form, om det inte hade regnat s\u00e5 mycket...","rel":"","context":"I \u201dOffentliga Arbeten\u201d","block_context":{"text":"Offentliga Arbeten","link":"https:\/\/marcocueva.com\/sv\/category\/work\/public-works\/"},"img":{"alt_text":"","src":"https:\/\/i0.wp.com\/media1.marcocueva.com\/mamallapuram-151208-21.jpg?fit=1200%2C927&ssl=1&resize=350%2C200","width":350,"height":200,"srcset":"https:\/\/i0.wp.com\/media1.marcocueva.com\/mamallapuram-151208-21.jpg?fit=1200%2C927&ssl=1&resize=350%2C200 1x, https:\/\/i0.wp.com\/media1.marcocueva.com\/mamallapuram-151208-21.jpg?fit=1200%2C927&ssl=1&resize=525%2C300 1.5x, https:\/\/i0.wp.com\/media1.marcocueva.com\/mamallapuram-151208-21.jpg?fit=1200%2C927&ssl=1&resize=700%2C400 2x, https:\/\/i0.wp.com\/media1.marcocueva.com\/mamallapuram-151208-21.jpg?fit=1200%2C927&ssl=1&resize=1050%2C600 3x"},"classes":[]},{"id":2625,"url":"https:\/\/marcocueva.com\/sv\/work-in-progress-three-and-a-half-weeks-later\/","url_meta":{"origin":3803,"position":4},"title":"Faun","author":"Marco Cueva","date":"mars 4, 2015","format":"gallery","excerpt":"\u2026Tre och en halv vecka senare Creative Sculptors Mahabalipuram, Tamil-Nadu","rel":"","context":"I \u201dOffentliga Arbeten\u201d","block_context":{"text":"Offentliga Arbeten","link":"https:\/\/marcocueva.com\/sv\/category\/work\/public-works\/"},"img":{"alt_text":"","src":"https:\/\/i0.wp.com\/media1.marcocueva.com\/tumblr_nkpfhptpa71sn9hw1o2_1280.jpg?resize=350%2C200","width":350,"height":200},"classes":[]},{"id":2710,"url":"https:\/\/marcocueva.com\/sv\/portugal\/","url_meta":{"origin":3803,"position":5},"title":"Portugal","author":"Marco Cueva","date":"maj 22, 2015","format":"gallery","excerpt":"Portugal, v\u00e5ren 2015 Odrinhas, Sintra och Lissabon","rel":"","context":"I \u201dIntryck\u201d","block_context":{"text":"Intryck","link":"https:\/\/marcocueva.com\/sv\/category\/impressions\/"},"img":{"alt_text":"","src":"https:\/\/i0.wp.com\/media1.marcocueva.com\/portugal-1.jpg?resize=350%2C200","width":350,"height":200,"srcset":"https:\/\/i0.wp.com\/media1.marcocueva.com\/portugal-1.jpg?resize=350%2C200 1x, https:\/\/i0.wp.com\/media1.marcocueva.com\/portugal-1.jpg?resize=525%2C300 1.5x, https:\/\/i0.wp.com\/media1.marcocueva.com\/portugal-1.jpg?resize=700%2C400 2x, https:\/\/i0.wp.com\/media1.marcocueva.com\/portugal-1.jpg?resize=1050%2C600 3x"},"classes":[]}],"jetpack_sharing_enabled":true,"_links":{"self":[{"href":"https:\/\/marcocueva.com\/sv\/wp-json\/wp\/v2\/posts\/3803","targetHints":{"allow":["GET"]}}],"collection":[{"href":"https:\/\/marcocueva.com\/sv\/wp-json\/wp\/v2\/posts"}],"about":[{"href":"https:\/\/marcocueva.com\/sv\/wp-json\/wp\/v2\/types\/post"}],"author":[{"embeddable":true,"href":"https:\/\/marcocueva.com\/sv\/wp-json\/wp\/v2\/users\/1"}],"replies":[{"embeddable":true,"href":"https:\/\/marcocueva.com\/sv\/wp-json\/wp\/v2\/comments?post=3803"}],"version-history":[{"count":7,"href":"https:\/\/marcocueva.com\/sv\/wp-json\/wp\/v2\/posts\/3803\/revisions"}],"predecessor-version":[{"id":3825,"href":"https:\/\/marcocueva.com\/sv\/wp-json\/wp\/v2\/posts\/3803\/revisions\/3825"}],"wp:featuredmedia":[{"embeddable":true,"href":"https:\/\/marcocueva.com\/sv\/wp-json\/wp\/v2\/media\/3811"}],"wp:attachment":[{"href":"https:\/\/marcocueva.com\/sv\/wp-json\/wp\/v2\/media?parent=3803"}],"wp:term":[{"taxonomy":"category","embeddable":true,"href":"https:\/\/marcocueva.com\/sv\/wp-json\/wp\/v2\/categories?post=3803"},{"taxonomy":"post_tag","embeddable":true,"href":"https:\/\/marcocueva.com\/sv\/wp-json\/wp\/v2\/tags?post=3803"}],"curies":[{"name":"wp","href":"https:\/\/api.w.org\/{rel}","templated":true}]}}